{"id":35405,"date":"2022-12-29T09:50:16","date_gmt":"2022-12-29T06:50:16","guid":{"rendered":"https:\/\/demo5.teaser-cube.ru\/2022\/12\/29\/hua-sneakerella-bizonyitja-hogy-a-disney-nek-kemenyebben-kell-probalkoznia\/"},"modified":"2022-12-29T09:50:16","modified_gmt":"2022-12-29T06:50:16","slug":"hua-sneakerella-bizonyitja-hogy-a-disney-nek-kemenyebben-kell-probalkoznia","status":"publish","type":"post","link":"https:\/\/movieworld.blog\/hu\/2022\/12\/29\/hua-sneakerella-bizonyitja-hogy-a-disney-nek-kemenyebben-kell-probalkoznia\/","title":{"rendered":"A Sneakerella bizony\u00edtja, hogy a Disney-nek kem\u00e9nyebben kell pr\u00f3b\u00e1lkoznia"},"content":{"rendered":"<p>Az els\u0151 k\u00e9pkocka, Disney ' s \u00faj musical Sneakerella k\u00edn\u00e1l egy er\u0151tlen k\u00eds\u00e9rlet a soksz\u00edn\u0171s\u00e9g: Egyszer\u0171en csak a vil\u00e1g egyik legr\u00e9gebbi mes\u00e9j\u00e9t veszi, \u00e9s fekete karaktereket \u00e9s fekete kult\u00far\u00e1t ad hozz\u00e1. Azt\u00e1n egy l\u00e9p\u00e9ssel tov\u00e1bb megy, \u00e9s f\u0151szerepl\u0151j\u00e9t egy \" Cinderfella \" n\u00e9vre keresztelt El (Chosen Jacobs), egy fiatal cip\u0151szeret\u0151, aki beleszeret a b\u00e1jos Kira King hercegn\u0151be (Lexi Underwood). Ez ' egy \u00f6tlettelen reboot - \u00e9s a fiatal k\u00f6z\u00f6ns\u00e9g sokkal t\u00f6bbet \u00e9rdemel.\n<\/p>\n<p>A Hamupip\u0151ke-t\u00f6rt\u00e9net csavarja \u00edgy: A gonosz mostohaanya \u00e9s mostohatestv\u00e9rek helyett Elnek egy sz\u00f6rny\u0171 mostohaapja \u00e9s mostohatestv\u00e9rei vannak. Meleg legjobb bar\u00e1tj\u00e1val, Samival (Devyn Nekoda) elindul, hogy limit\u00e1lt kiad\u00e1s\u00fa tornacip\u0151ket v\u00e1s\u00e1roljon, \u00e9s ez az \u00fat elvezeti \u0151t Kir\u00e1hoz, akinek az apja t\u00f6rt\u00e9netesen a kos\u00e1rlabda-szt\u00e1r \u00e9s tornacip\u0151-m\u00e1gn\u00e1s Darius King (John Salley). Ha a t\u00f6k\u00f6s kocsit klasszikus aut\u00f3v\u00e1, a d\u00edszes b\u00e1lt pedig tornacip\u0151-g\u00e1l\u00e1v\u00e1 v\u00e1ltoztatjuk, akkor a Sneakerella m\u00e1ris az el\u0151dje j\u00f3l bej\u00e1ratott ter\u00fclet\u00e9t j\u00e1rja be \u00fajra.\n<\/p>\n<p>Ebben rejlik a probl\u00e9ma. A film olyan, mintha kar\u00e1csony reggel kinyitn\u00e1nk az aj\u00e1nd\u00e9kot, \u00e9s egy p\u00e1r zoknit tal\u00e1ln\u00e1nk benne, pedig igaz\u00e1b\u00f3l egy \u00faj telefont szerett\u00fcnk volna. Senki sem k\u00e9rte ezt a remake-et, \u00e9s ez v\u00e9g\u00fcl is egy hatalmas elszalasztott lehet\u0151s\u00e9g. Egy olyan id\u0151szakban, amikor a Disney felhaszn\u00e1lhatn\u00e1 a rendelkez\u00e9s\u00e9re \u00e1ll\u00f3 rengeteg tehets\u00e9get, hogy hiteles t\u00f6rt\u00e9neteket hozzon l\u00e9tre, amelyek megragadj\u00e1k a k\u00f6z\u00f6ss\u00e9geket, amelyeket t\u00fckr\u00f6zni k\u00edv\u00e1n, ehelyett az egyik legr\u00e9gebbi t\u00f6rt\u00e9net\u00e9t k\u00edn\u00e1lta fel n\u00e9h\u00e1ny \u00faj arccal \u00e9s n\u00e9h\u00e1ny t\u00faltermelt zenesz\u00e1mmal. B\u00e1rmilyen marginaliz\u00e1lt csoportot egy olyan narrat\u00edv\u00e1ba beletenni, amelyet nem nekik tal\u00e1ltak ki, lusta dolog, m\u00e9g ha j\u00f3 sz\u00e1nd\u00e9kkal is. \u00c9s mivel a film a Disney+-on fut, azok a gyerekek, akiknek a legink\u00e1bb sz\u00fcks\u00e9g\u00fck lenne arra, hogy l\u00e1ss\u00e1k magukat k\u00e9pviselve, nem biztos, hogy meg tudj\u00e1k n\u00e9zni. A Disney egyik csod\u00e1latos tulajdons\u00e1ga az \u00e9vek sor\u00e1n az volt, hogy az \u00e9let minden ter\u00fclet\u00e9r\u0151l k\u00e9pes volt megsz\u00f3l\u00edtani az embereket. Egy olyan filmet k\u00e9sz\u00edteni, amely fokozott reprezent\u00e1ci\u00f3val rendelkezik, majd korl\u00e1tozni a hozz\u00e1f\u00e9rhet\u0151s\u00e9g\u00e9t, rossz ir\u00e1nyba tett l\u00e9p\u00e9snek t\u0171nik.\n<\/p>\n<p>Feln\u0151ni az 1990-es \u00e9vekben\n<\/p>\n<p>Az elm\u00falt n\u00e9h\u00e1ny \u00e9vben a v\u00e1llalat t\u00f6bb rebootot is k\u00e9sz\u00edtett.<\/p>\n","protected":false},"excerpt":{"rendered":"<p>Az els\u0151 k\u00e9pkocka, Disney ' s \u00faj musical Sneakerella k\u00edn\u00e1l egy er\u0151tlen k\u00eds\u00e9rlet a soksz\u00edn\u0171s\u00e9g: Egyszer\u0171en csak a vil\u00e1g egyik legr\u00e9gebbi mes\u00e9j\u00e9t veszi, \u00e9s fekete karaktereket \u00e9s fekete kult\u00far\u00e1t ad hozz\u00e1. Azt\u00e1n egy l\u00e9p\u00e9ssel tov\u00e1bb megy, \u00e9s f\u0151szerepl\u0151j\u00e9t egy \" Cinderfella \" n\u00e9vre keresztelt El (Chosen Jacobs), egy fiatal cip\u0151szeret\u0151, aki beleszeret a b\u00e1jos Kira [&hellip;]<\/p>\n","protected":false},"author":1,"featured_media":35428,"comment_status":"closed","ping_status":"open","sticky":false,"template":"","format":"standard","meta":{"footnotes":""},"categories":[4],"tags":[],"class_list":["post-35405","post","type-post","status-publish","format-standard","has-post-thumbnail","","category-movies"],"_links":{"self":[{"href":"https:\/\/movieworld.blog\/hu\/wp-json\/wp\/v2\/posts\/35405","targetHints":{"allow":["GET"]}}],"collection":[{"href":"https:\/\/movieworld.blog\/hu\/wp-json\/wp\/v2\/posts"}],"about":[{"href":"https:\/\/movieworld.blog\/hu\/wp-json\/wp\/v2\/types\/post"}],"author":[{"embeddable":true,"href":"https:\/\/movieworld.blog\/hu\/wp-json\/wp\/v2\/users\/1"}],"replies":[{"embeddable":true,"href":"https:\/\/movieworld.blog\/hu\/wp-json\/wp\/v2\/comments?post=35405"}],"version-history":[{"count":0,"href":"https:\/\/movieworld.blog\/hu\/wp-json\/wp\/v2\/posts\/35405\/revisions"}],"wp:featuredmedia":[{"embeddable":true,"href":"https:\/\/movieworld.blog\/hu\/wp-json\/wp\/v2\/media\/35428"}],"wp:attachment":[{"href":"https:\/\/movieworld.blog\/hu\/wp-json\/wp\/v2\/media?parent=35405"}],"wp:term":[{"taxonomy":"category","embeddable":true,"href":"https:\/\/movieworld.blog\/hu\/wp-json\/wp\/v2\/categories?post=35405"},{"taxonomy":"post_tag","embeddable":true,"href":"https:\/\/movieworld.blog\/hu\/wp-json\/wp\/v2\/tags?post=35405"}],"curies":[{"name":"wp","href":"https:\/\/api.w.org\/{rel}","templated":true}]}}