{"id":35223,"date":"2022-12-29T09:37:41","date_gmt":"2022-12-29T06:37:41","guid":{"rendered":"https:\/\/demo5.teaser-cube.ru\/2022\/12\/29\/hudenis-villeneuve-a-dunerol-tenyleg-maniakus-voltam\/"},"modified":"2022-12-29T09:37:41","modified_gmt":"2022-12-29T06:37:41","slug":"hudenis-villeneuve-a-dunerol-tenyleg-maniakus-voltam","status":"publish","type":"post","link":"https:\/\/movieworld.blog\/hu\/2022\/12\/29\/hudenis-villeneuve-a-dunerol-tenyleg-maniakus-voltam\/","title":{"rendered":"Denis Villeneuve a D\u0171n\u00e9r\u0151l: ' T\u00e9nyleg m\u00e1ni\u00e1kus voltam '"},"content":{"rendered":"<p>Denis Villeneuve sosem szenvedett hi\u00e1nyt amb\u00edci\u00f3ban. A Sicario c\u00edm\u0171 filmj\u00e9ben az USA \u00e9s Mexik\u00f3 hat\u00e1r\u00e1n zajl\u00f3 k\u00e1b\u00edt\u00f3szer elleni h\u00e1bor\u00faval foglalkozik, az \u00c9rkez\u00e9sben pedig Amy Adams nonverb\u00e1lis f\u00f6ld\u00f6nk\u00edv\u00fcliekkel kommunik\u00e1l, \u00e9s a filmjei \u00e1ltal\u00e1ban nagyszab\u00e1s\u00faak. Amikor \u00fagy t\u0171nt, hogy a legut\u00f3bbi filmje - a Blade Runner 2049, Ridley Scott szeretett remekm\u0171v\u00e9nek folytat\u00e1sa - lesz a legmer\u00e9szebb, bejelentette a k\u00f6vetkez\u0151 filmj\u00e9t: D\u0171ne.\n<\/p>\n<p>Frank Herbert k\u00f6nyve, amely eredetileg 1965-ben jelent meg, a filoz\u00f3fia, az \u00f6kol\u00f3gia, a politika \u00e9s a sci-fi vil\u00e1g\u00e9p\u00edt\u00e9s olyan bonyolult \u00e9s epikus mamutk\u00f6nyve, hogy szinte lehetetlennek t\u0171nik megfilmes\u00edteni. Val\u00f3j\u00e1ban sokan megpr\u00f3b\u00e1lt\u00e1k - k\u00f6zepes eredm\u00e9nnyel. H\u00edres, hogy Alejandro Jodorowsky chilei rendez\u0151 az 1970-es \u00e9vekben megpr\u00f3b\u00e1lkozott egy adapt\u00e1ci\u00f3val, de soha nem tudta megval\u00f3s\u00edtani. David Lynch ott folytatta, ahol abbahagyta, \u00e9s b\u00e1r siker\u00fclt egy D\u0171ne-filmet a mozikba juttatnia, nem siker\u00fclt Herbert t\u00f6rt\u00e9net\u00e9nek teljes komplexit\u00e1s\u00e1t elhoznia. (Nem rossz, mint egy schlock klasszikus, b\u00e1r.) A korai \u00e9vekben William Hurt j\u00e1tszott egy h\u00e1romr\u00e9szes minisorozatban, amely a k\u00f6nyv alapj\u00e1n k\u00e9sz\u00fclt, de ez sem hozott t\u00fal sok j\u00f3indulatot.\n<\/p>\n<p>Villeneuve most megpr\u00f3b\u00e1lkozik vele. Val\u00f3ban, ha b\u00e1rmelyik modern rendez\u0151 k\u00e9pes olyat k\u00e9sz\u00edteni, ami mind a kritikusokat, mind a Herbert-h\u00edv\u0151ket megnyugtatja, akkor \u0151 az. R\u00e1ad\u00e1sul magabiztos. \" Miut\u00e1n megcsin\u00e1ltam a Blade Runnert, megvoltak a k\u00e9pess\u00e9geim, a tud\u00e1som \u00e9s a tud\u00e1som ahhoz, hogy k\u00e9pes legyek nekifogni egy ekkora kih\u00edv\u00e1snak \" - mondja a quebec\u00f3i rendez\u0151. \" Tudtam, hogy k\u00e9szen \u00e1llok erre a feladatra. Tudtam, hogy k\u00e9pes vagyok r\u00e1.  \"\n<\/p>\n<p>A rendez\u0151, hogy megval\u00f3s\u00edtsa elk\u00e9pzel\u00e9s\u00e9t, a tehets\u00e9gek gyilkos sor\u00e1t gy\u0171jt\u00f6tte \u00f6ssze: Timoth\u00e9e Chalamet (a fiatal f\u0151h\u0151s, Paul Atreides), Oscar Issac (Paul apja, Leto Atreides herceg), Rebecca Ferguson (az \u00e9desanyja, Lady Jessica), Zendaya (Chani), Josh Brolin (Gurney Halleck), Jason Momoa (Duncan Idaho), Dave Bautista (Glossu \" Beast \" Rabban), Stellan Skarsg\u00e5rd (a nagy gonosz Vladimir Harkonnen b\u00e1r\u00f3) \u00e9s Javier Bardem (Stilgar, a fremenek vezet\u0151je). Ezut\u00e1n a K\u00f6zel-Keletre vitte \u0151ket, hogy leforgassa Paul Atreides t\u00f6rt\u00e9net\u00e9nek saj\u00e1t verzi\u00f3j\u00e1t, aki egy sivatagi bolyg\u00f3 fiatalembere, aki az univerzum leg\u00e9rt\u00e9kesebb anyag\u00e1\u00e9rt (melange, vagy \" a f\u0171szer \" ) v\u00edvott \u00e9vekig tart\u00f3 h\u00e1bor\u00fa miatt verg\u0151dik egy sivatagi bolyg\u00f3n.\n<\/p>\n<p>Denis Villeneuve: Villeneuve: Igen, 13 vagy 14 \u00e9ves koromban olvastam. Az els\u0151 D\u0171ne-k\u00f6nyv egy hatalmas, er\u0151teljes kaland egy fiatal fi\u00far\u00f3l, aki felfedez egy \u00faj vil\u00e1got. Ugyanakkor leny\u0171g\u00f6z\u00f6tt, hogy mennyire intelligens. Nagyon fontos volt a F\u00f6ld\u00f6n zajl\u00f3 esem\u00e9nyek szempontj\u00e1b\u00f3l - k\u00f6rnyezetv\u00e9delmi \u00e9s vall\u00e1si szempontb\u00f3l egyar\u00e1nt. Az \u00e9vek sor\u00e1n v\u00e9gig velem maradt, k\u00eds\u00e9rtett. \u00cdgy amikor az emberek azt k\u00e9rdezt\u00e9k: \"Nos, mi lenne a legnagyobb \u00e1lmod?  \"Azt mondtam: \"D\u0171ne.  \"Akkoriban t\u00f6rt\u00e9nt, amikor a Legendary megkapta a jogokat. Tal\u00e1lkoztunk, \u00e9s az \u00fczlet 45 m\u00e1sodperc alatt megk\u00f6ttetett. Meg akartam csin\u00e1lni. \u0150k is velem akart\u00e1k megcsin\u00e1lni. \u00c9s ugyanaz volt a szenved\u00e9ly\u00fcnk \u00e9s ugyanaz a v\u00edzi\u00f3nk arr\u00f3l, hogy milyen legyen a film. Nagyon hossz\u00fa volt eljutni od\u00e1ig, de amikor m\u00e1r k\u00e9szen \u00e1lltam, nagyon gyorsan elk\u00e9sz\u00fclt a projekt. Minden a hely\u00e9re ker\u00fclt.\n<\/p>\n<p>A Blade Runner 2049 \u00e9s a D\u0171ne is rendk\u00edv\u00fcl ambici\u00f3zus v\u00e1llalkoz\u00e1s. K\u00fcl\u00f6n\u00f6sen a D\u0171ne, amely szinte megfilmes\u00edthetetlennek t\u0171nik a maga terjedelm\u00e9ben. Volt valaha is ellen\u00e9rz\u00e9s, hogy ezt elv\u00e1llalja?\n<\/p>\n<p>Az \u00e9let r\u00f6vid! K\u00e9nytelenek vagyunk megpr\u00f3b\u00e1lni a lehetetlent. Ez a m\u0171v\u00e9szet sz\u00e9ps\u00e9ge. Megpr\u00f3b\u00e1lom magam a hat\u00e1raimig feszegetni. Tudtam, hogy k\u00e9szen \u00e1llok erre a feladatra, de igen, ez egy nagy kih\u00edv\u00e1s. Tudod, mi a legnagyobb kih\u00edv\u00e1s? El\u00e9rni azt a szenved\u00e9lyt \u00e9s azt a k\u00e9pet, ami tizen\u00e9vesen volt bennem. Annak a tin\u00e9dzsernek megfelelni nagyon neh\u00e9z. [Nevet.] Olyan emberek vettek k\u00f6r\u00fcl, akik a kezdetekt\u0151l fogva nagyon lelkesek voltak, de eml\u00e9kszem egy besz\u00e9lget\u00e9sre, amit Hans Zimmerrel [a zeneszerz\u0151vel] folytattam, amikor err\u0151l besz\u00e9ltem, \u00e9s azt mondtam: \" A D\u0171ne az egyik legnagyobb \u00e1lmom. Ez az a film, amit m\u00e1r nagyon r\u00e9g\u00f3ta meg akartam csin\u00e1lni.  \" \u00c9s Hans nagyon komolyan n\u00e9zett r\u00e1m, \u00e9s azt mondta, hogy vesz\u00e9lyes ilyen k\u00f6zel menni a naphoz.\n<\/p>\n<p>A k\u00f6nyv vall\u00e1si \u00e9s politikai t\u00e9m\u00e1k alleg\u00f3ri\u00e1ja. Amikor adapt\u00e1lta, megpr\u00f3b\u00e1lta friss\u00edteni, hogy a mi vil\u00e1gunkra is ugyan\u00fagy vonatkozzon, mint Herbert vil\u00e1g\u00e1ra?\n<\/p>\n<p>J\u00f3 k\u00e9rd\u00e9s. Mindennek - a politikai, a vall\u00e1si \u00e9s a k\u00f6rnyezeti t\u00e9m\u00e1knak - ott kell lennie. De a legfontosabb dolog sz\u00e1momra az, hogy meg\u0151rizzem a kalandv\u00e1gyat \u00e9s az eposz \u00e9rz\u00e9s\u00e9t. Nem akartam, hogy a t\u00f6rt\u00e9net bonyolults\u00e1ga a sz\u00f3rakoztat\u00f3 \u00e9rt\u00e9k, a film ereje, a film \u00e9rzelmi \u00e9rt\u00e9ke \u00fatj\u00e1ban \u00e1lljon. Azt akartam, hogy a film egy igazi utaz\u00e1s legyen.\n<\/p>\n<p>Mi a p\u00e9lda a t\u00e9ma \u00e9s a t\u00f6rt\u00e9netmes\u00e9l\u00e9s kiegyens\u00falyoz\u00e1s\u00e1ra?\n<\/p>\n<p>Amikor elkezdtem Eric Roth-tal dolgozni, azt mondta: \"Mi lenne a legfontosabb dolog, amit el\u0151re kellene hoznunk ebben az adapt\u00e1ci\u00f3ban?\".  \" \u00c9s \u00e9n azt mondtam: \" A n\u0151k.  \"A k\u00f6nyvben Lady Jessica, Paul \u00e9desanyja nagyon-nagyon fontos szerepl\u0151, aki elind\u00edtja a t\u00f6rt\u00e9netet. Paul Atreides a f\u0151szerepl\u0151, de nagyon k\u00f6zel \u00e1ll hozz\u00e1 Lady Jessica. Hogy vezesse \u0151t, hogy seg\u00edtsen neki. Azt mondan\u00e1m, hogy a film erre a k\u00e9t f\u0151szerepl\u0151re \u00e9p\u00fcl. Ez lenne a legnagyobb szempontom, hogy a D\u0171ne-t a 21. sz\u00e1zadba hozzam. Biztos\u00edtani kell, hogy a nemek hangjai k\u00f6z\u00f6tt egyenl\u0151s\u00e9g legyen.\n<\/p>\n<p>A planetol\u00f3gus Liet-Kynes-t, aki a k\u00f6nyvben f\u00e9rfi, most egy fekete n\u0151, Sharon Duncan-Brewster alak\u00edtja.\n<\/p>\n<p>M\u00e1r volt h\u00e1rom er\u0151s n\u0151i karakterem: Lady Jessica, a tisztelend\u0151 anya [Charlotte Rampling] \u00e9s Chani [Zendaya]. De \u00fagy \u00e9reztem, hogy t\u00f6bbre van sz\u00fcks\u00e9gem. \u00cdgy Jon Spaihts-szal az az \u00f6tlet\u00fcnk t\u00e1madt, hogy vegy\u00fcnk egy karaktert, \u00e9s v\u00e1ltoztassuk meg. \u00c9s ez m\u0171k\u00f6dik. \u00dagy \u00e9rtem, szerintem ez olyasmi, amit maga Frank Herbert is kital\u00e1lhatott volna, ha a k\u00f6nyvet ma \u00edrt\u00e1k volna. Nagyon k\u00f6zel \u00e1ll a k\u00f6nyv szellem\u00e9hez. Persze, amikor filmadapt\u00e1ci\u00f3t k\u00e9sz\u00edtesz, d\u00f6nt\u00e9seket hozol, de ezek a d\u00f6nt\u00e9sek a k\u00f6nyvvel val\u00f3 m\u00e9ly kapcsolatban sz\u00fcletnek. Ennek az \u00f6tletnek, hogy Kynes-t n\u0151v\u00e9 tegy\u00fck, van a legt\u00f6bb \u00e9rtelme, \u00e9s nem v\u00e1ltoztatja meg a k\u00f6nyv jelleg\u00e9t.\n<\/p>\n<p>\u00c9s mi a helyzet Harkonnen b\u00e1r\u00f3 \u00e1br\u00e1zol\u00e1s\u00e1val? \u00dagy \u00e9rzem, hogy ez a karakter egyfajta karikat\u00faraszer\u0171 gonosztev\u0151. Igaz\u00e1b\u00f3l nincs is bajusza, de a k\u00f6nyvben \u00fagy \u00e1br\u00e1zolj\u00e1k, mint egy bajuszos sztereot\u00edpi\u00e1t.\n<\/p>\n<p>Ez igaz. A k\u00f6nyv val\u00f3sz\u00edn\u0171leg mesterm\u0171, de ez nem jelenti azt, hogy t\u00f6k\u00e9letes. [Nevet.] Vannak gyenges\u00e9gei, \u00e9s ez egy olyan t\u00e9r volt sz\u00e1momra, amit felfedezhettem. A b\u00e1r\u00f3 volt az egyik ilyen elem. Biztos akartam lenni benne, hogy nem egy karikat\u00fara vagy egy ostoba rosszfi\u00fa, ahogy mondtad. Azt akartam, hogy a b\u00e1r\u00f3 fenyeget\u0151, intelligens, a maga m\u00f3dj\u00e1n kifinomult legyen. Radik\u00e1lis n\u00e9zetei vannak a vil\u00e1gr\u00f3l, de min\u00e9l ink\u00e1bb leny\u0171g\u00f6z \u00e9s megbabon\u00e1z benn\u00fcnket a b\u00e1r\u00f3, ann\u00e1l hatalmasabb lesz. Ez\u00e9rt \u00fcgyelt\u00fcnk arra, hogy meg\u0151rizz\u00fck a b\u00e1r\u00f3 l\u00e9nyeg\u00e9t, de \u00e1t\u00fcltess\u00fck a 21. sz\u00e1zadba. Ez\u00e9rt v\u00e1lasztottam Stellan Skarsg\u00e5rdot. Stellan Skarsg\u00e5rd egy zseni\u00e1lis ember. A szem\u00e9ben van ez az intelligencia, \u00e9s van ez a m\u00e9lys\u00e9g. Sokat besz\u00e9lgett\u00fcnk a karakterr\u0151l. Nagy \u00f6r\u00f6m volt vele dolgozni.\n<\/p>\n<p>Sokat v\u00e1ltoztatt\u00e1l Paul Atreidesen? A k\u00f6nyvben majdnem t\u00fal t\u00f6k\u00e9letes.\n<\/p>\n<p>Paul Atreides egy kiv\u00e9teles emberi l\u00e9ny. Kiv\u00e9teles csal\u00e1dban nevelkedett. \u0150 egy igazi h\u0151s. De ami fontos, hogy az emberek azonosuljanak vele, hogy az emberek val\u00f3di emberk\u00e9nt viszonyuljanak hozz\u00e1. Nem akartam, hogy Paul Atreidesre \u00fagy tekintsenek, mint egy hercegre, egy k\u00f6ly\u00f6kre. Azt akartam, hogy val\u00f3di legyen. A filmben a kamera \u00e9ppen Paul v\u00e1lla f\u00f6l\u00f6tt van. M\u00f6g\u00f6tte vagyunk, vele egy\u00fctt; k\u00f6vetj\u00fck \u0151t ezen az \u00faton. Az els\u0151 film val\u00f3j\u00e1ban egy fi\u00far\u00f3l sz\u00f3l, aki elvesz\u00edti a vil\u00e1gr\u00f3l alkotott ill\u00fazi\u00f3it. Az elej\u00e9n \u0151 csak egy traumatiz\u00e1lt fi\u00fa, akit egy \u00faj, brut\u00e1lis bolyg\u00f3ra k\u00fcldenek, aki megpr\u00f3b\u00e1lja meg\u00e9rteni, mi t\u00f6rt\u00e9nik a csal\u00e1dj\u00e1val, mi t\u00f6rt\u00e9nik a n\u00e9p\u00e9vel, mi t\u00f6rt\u00e9nik a vil\u00e1gban, aki felfedezi, hogy a politika mennyire korrupt. Fontos volt, hogy biztosak legy\u00fcnk abban, hogy egy emberi utaz\u00e1st mes\u00e9l\u00fcnk el, \u00e9s nem a szuperh\u0151s\u00f6k \u00fatj\u00e1t; ez egy nagyon fontos k\u00fcl\u00f6nbs\u00e9g.\n<\/p>\n<p>Mit szeretsz Paulban?\n<\/p>\n<p>Egy dolog, amit nagyon szeretek Paul Atreidesben, egy dolog, amit nagyon szeretek benne, hogy \u0151 olyan valaki, aki k\u00edv\u00e1ncsi m\u00e1s kult\u00far\u00e1kra, olyan valaki, akinek k\u00f6teless\u00e9ge van, \u00e9s meg akarja \u00e9rteni, hogyan \u00e9lnek m\u00e1s emberek. Ezek a tulajdons\u00e1gok nagyon fontosak, mert k\u00e9s\u0151bb seg\u00edtenek neki alkalmazkodni egy \u00faj val\u00f3s\u00e1ghoz. Paul Atreidesben van egy csod\u00e1latos embers\u00e9g, amit a film sor\u00e1n pr\u00f3b\u00e1lok kifejleszteni, \u00e9s ami szerintem kulcsfontoss\u00e1g\u00fa a j\u00f6v\u0151 szempontj\u00e1b\u00f3l.\n<\/p>\n<p>A k\u00f6nyv egyik kritik\u00e1ja az, hogy \u0151 egyfajta megment\u0151 karakter, aki egy m\u00e1sik vil\u00e1gb\u00f3l \u00e9rkezik, \u00e9s azt mondja: \"Az\u00e9rt vagyok itt, hogy megmentselek titeket!\".  \"\n<\/p>\n<p>Nem \u0151 k\u00e9rte. Nem akarja, csak k\u00e9nytelen. Olyan sorsba tasz\u00edtj\u00e1k, amit nem \u0151 v\u00e1lasztott, \u00e9s ez egyfajta identit\u00e1sv\u00e1ls\u00e1got okoz. Nem \u0151 v\u00e1lasztotta azt, amiv\u00e9 v\u00e1lni fog. Harcolnia kell, seg\u00edtenie kell. Ez t\u00e9nyleg emberi.\n<\/p>\n<p>A D\u0171ne vil\u00e1g\u00e1nak fel\u00e9p\u00edt\u00e9se olyannyira ikonikus - csendruh\u00e1k, homokf\u00e9rgek. Besz\u00e9lj egy kicsit az elk\u00e9pzel\u00e9seidr\u0151l.\n<\/p>\n<p>El\u0151sz\u00f6r is, id\u0151t k\u00e9rtem. Id\u0151t arra, hogy \u00e1lmodjak \u00e9s megtervezzem a film minden egyes elem\u00e9t a kezdetben kiv\u00e1lasztott, nagyon k\u00f6zeli partnerekkel. Egy nagyon kis egys\u00e9get \u00e9p\u00edtettem azokb\u00f3l az emberekb\u0151l, akikkel nagyon szeretek egy\u00fctt dolgozni. Az egyik\u00fck r\u00e9gi bar\u00e1tom, Patrice Vermette, aki \u00e9vek \u00f3ta a produkci\u00f3s tervez\u0151m. Azt akartam, hogy a film tervez\u00e9se bizonyos szempontb\u00f3l a lehet\u0151 legk\u00f6zelebb \u00e1lljon a val\u00f3s\u00e1ghoz. Messze vagyunk a j\u00f6v\u0151ben, de valami nagyon f\u00f6ldh\u00f6zragadtat akartam, valami olyat, ami val\u00f3s\u00e1gosnak t\u0171nik, valami olyat, amihez az emberek tudatalattib\u00f3l kapcsol\u00f3dnak, ami ismer\u0151snek t\u0171nik;\n<\/p>\n<p>\u00c9s val\u00f3di sivatagokban forgattad.\n<\/p>\n<p>Az egyik dolog, ami nagyon-nagyon fontos volt sz\u00e1momra, az az volt, hogy a bolyg\u00f3 k\u00f6rnyezet\u00e9t k\u00f6zvetlen\u00fcl forgassam. Ez a bolyg\u00f3 egy bolyg\u00f3, \u00e9s ez a bolyg\u00f3 egy karakter. A film f\u0151szerepl\u0151je, ez a bolyg\u00f3, ezek a fantasztikus sivatagok. Sz\u00e1momra d\u00f6nt\u0151 volt, hogy val\u00f3ban odamehessek, hogy \u00e1t\u00f6leljem a term\u00e9szetet, \u00e1t\u00f6leljem a term\u00e9szet erej\u00e9t. Ez valami nagyon eml\u00e9kezetes \u00e9s er\u0151teljes dolog egyszerre. \u00c9l\u0151ben akartam meg\u00f6r\u00f6k\u00edteni a kamer\u00e1val. Ez\u00e9rt ragaszkodtam hozz\u00e1, \u00e9s a st\u00fadi\u00f3 beleegyezett, hogy val\u00f3di k\u00f6rnyezetbe menj\u00fcnk. A legt\u00f6bb dolog, amit a filmben l\u00e1tsz, val\u00f3di, mert ezt akartam \u00e9rezni, ezt a bolyg\u00f3t, ami nem a F\u00f6ld, hanem az Arrakis. A n\u00e9z\u0151k \u00e9rezni fogj\u00e1k a f\u00e9nyt, a szelet, a hangokat.\n<\/p>\n<p>Mennyi id\u0151t t\u00f6lt\u00f6ttetek a forgat\u00e1ssal?\n<\/p>\n<p>Ez volt messze a leghosszabb forgat\u00e1s, amit valaha csin\u00e1ltam. Elvesztettem az id\u0151\u00e9rz\u00e9kem, de \u00f6t vagy hat h\u00f3nap volt, vagy valami ilyesmi. Hossz\u00fa utaz\u00e1s volt. A bels\u0151 \u00e9s k\u00fcls\u0151 felv\u00e9telek nagy r\u00e9sz\u00e9t Jord\u00e1ni\u00e1ban forgattuk. Jord\u00e1nia egy olyan orsz\u00e1g, ahol m\u00e1r t\u00f6bbsz\u00f6r j\u00e1rtam \u00e9letemben. Vannak ott bar\u00e1taim. Ott forgattam egy j\u00e1t\u00e9kfilmet, az Incendies-t. Mindenhov\u00e1 elmentem, \u00e9s olyan t\u00e1jakat l\u00e1ttam, amelyek nem voltak hasznosak az akkori filmemhez, de eml\u00e9kszem, hogy azt mondtam magamban: \"Ha egyszer megcsin\u00e1lom a D\u0171ne-t, visszamegyek ide, mert ezek a helysz\u00ednek egyszer\u0171en t\u00f6k\u00e9letesek.  \"\n<\/p>\n<p>\u00dagy d\u00f6nt\u00f6tt, hogy a D\u0171ne-reg\u00e9nyt k\u00e9t filmre bontja. Gondolt\u00e1l m\u00e1r arra, hogy egyszerre forgass\u00e1tok le mindkett\u0151t?\n<\/p>\n<p>A d\u00f6nt\u00e9s, amit m\u00e1r az elej\u00e9n meghoztam, \u00e9s mindenki egyet\u00e9rtett vele, az volt, hogy a k\u00f6nyv - annyi mindent kell elmes\u00e9lni. T\u00fal sok volt egy filmhez. Vagy csin\u00e1lsz egy \u00f6t\u00f3r\u00e1s filmet, \u00e9s mindenki ut\u00e1l, mert t\u00fal hossz\u00fa. Ez\u00e9rt \u00fagy d\u00f6nt\u00f6tt\u00fcnk, hogy k\u00e9t r\u00e9szb\u0151l csin\u00e1ljuk. Az els\u0151 film t\u00f6rt\u00e9nete \u00f6nmag\u00e1ban is meg\u00e1llja a hely\u00e9t. Ha megn\u00e9zed, szerintem el\u00e9gedett vagy vele. De a t\u00f6rt\u00e9net befejez\u00e9s\u00e9hez sz\u00fcks\u00e9g van egy m\u00e1sodik filmre.&nbsp;\n<\/p>\n<p>\u00cdrt\u00e1l forgat\u00f3k\u00f6nyvet a m\u00e1sodik r\u00e9szhez?\n<\/p>\n<p>\u00dagy csin\u00e1ltuk, hogy meg\u00edrtuk az els\u0151 forgat\u00f3k\u00f6nyvet, \u00e9s meg\u00edrtuk a m\u00e1sodik forgat\u00f3k\u00f6nyv \u00fatiterv\u00e9t. \u00c9n az els\u0151 filmre koncentr\u00e1ltam, mert ezek a filmek term\u00e9szetesen dr\u00e1ga vad\u00e1llatok, sz\u00f6rnyek. \u00dagy \u00e9rezt\u00fck, hogy az a legjobb, a f\u00f6ldh\u00f6zragadtabb, ha egy filmet t\u00e1madunk meg, mindent beleadunk, minden szenved\u00e9lyt megmozgatunk, azt\u00e1n megl\u00e1tjuk, hogyan reag\u00e1lnak az emberek. Ha sikeres lesz, term\u00e9szetesen lesz egy m\u00e1sodik is. Rem\u00e9lem. Ez a logik\u00e1ja ezeknek a nagy filmeknek.\n<\/p>\n<p>T\u00e9rj\u00fcnk vissza hozz\u00e1d a 13., 14. ponthoz. Amikor el\u0151sz\u00f6r olvastad a D\u0171ne-t, mik voltak azok a dolgok, amelyek igaz\u00e1n megragadt\u00e1k az agyadat, megragadt\u00e1k a sz\u00edvedet?\n<\/p>\n<p>Ami akkoriban igaz\u00e1n megfogott, az az embereknek a sivataggal, a k\u00f6rnyezettel val\u00f3 kapcsolata volt. A fremenek olyan \u00e9letm\u00f3dot, olyan technol\u00f3gi\u00e1t terveztek, amellyel k\u00e9pesek voltak t\u00fal\u00e9lni a sivatagi k\u00f6r\u00fclm\u00e9nyeket. Frank Herbertet leny\u0171g\u00f6zte a term\u00e9szet \u00e9s a n\u00f6v\u00e9nyek. Abban az id\u0151ben term\u00e9szettudom\u00e1nyt tanultam, \u00e9s sz\u00e1momra az \u00e9let szeretete jelentett mindent. Volt valami a precizit\u00e1s\u00e1ban \u00e9s a k\u00f6lt\u0151is\u00e9g\u00e9ben, ahogyan le\u00edrta az \u00f6kosziszt\u00e9m\u00e1kat \u00e9s azok logik\u00e1j\u00e1t, a komplexit\u00e1s\u00e1t \u00e9s sz\u00e9ps\u00e9g\u00e9t. Sz\u00e1momra a D\u0171ne egyfajta tisztelg\u00e9s az \u00f6kosziszt\u00e9m\u00e1k \u00e9s az \u00e9let el\u0151tt, \u00e9s az \u00f6kol\u00f3gia elk\u00f6telezettje. Ez egy gy\u00f6ny\u00f6r\u0171 vers az \u00e9letform\u00e1kr\u00f3l, \u00e9s akkoriban m\u00e9lyen meg\u00e9rintett.<\/p>\n","protected":false},"excerpt":{"rendered":"<p>Denis Villeneuve sosem szenvedett hi\u00e1nyt amb\u00edci\u00f3ban. A Sicario c\u00edm\u0171 filmj\u00e9ben az USA \u00e9s Mexik\u00f3 hat\u00e1r\u00e1n zajl\u00f3 k\u00e1b\u00edt\u00f3szer elleni h\u00e1bor\u00faval foglalkozik, az \u00c9rkez\u00e9sben pedig Amy Adams nonverb\u00e1lis f\u00f6ld\u00f6nk\u00edv\u00fcliekkel kommunik\u00e1l, \u00e9s a filmjei \u00e1ltal\u00e1ban nagyszab\u00e1s\u00faak. Amikor \u00fagy t\u0171nt, hogy a legut\u00f3bbi filmje - a Blade Runner 2049, Ridley Scott szeretett remekm\u0171v\u00e9nek folytat\u00e1sa - lesz a legmer\u00e9szebb, bejelentette [&hellip;]<\/p>\n","protected":false},"author":1,"featured_media":35246,"comment_status":"closed","ping_status":"open","sticky":false,"template":"","format":"standard","meta":{"footnotes":""},"categories":[32],"tags":[],"class_list":["post-35223","post","type-post","status-publish","format-standard","has-post-thumbnail","","category-spice-world"],"_links":{"self":[{"href":"https:\/\/movieworld.blog\/hu\/wp-json\/wp\/v2\/posts\/35223","targetHints":{"allow":["GET"]}}],"collection":[{"href":"https:\/\/movieworld.blog\/hu\/wp-json\/wp\/v2\/posts"}],"about":[{"href":"https:\/\/movieworld.blog\/hu\/wp-json\/wp\/v2\/types\/post"}],"author":[{"embeddable":true,"href":"https:\/\/movieworld.blog\/hu\/wp-json\/wp\/v2\/users\/1"}],"replies":[{"embeddable":true,"href":"https:\/\/movieworld.blog\/hu\/wp-json\/wp\/v2\/comments?post=35223"}],"version-history":[{"count":0,"href":"https:\/\/movieworld.blog\/hu\/wp-json\/wp\/v2\/posts\/35223\/revisions"}],"wp:featuredmedia":[{"embeddable":true,"href":"https:\/\/movieworld.blog\/hu\/wp-json\/wp\/v2\/media\/35246"}],"wp:attachment":[{"href":"https:\/\/movieworld.blog\/hu\/wp-json\/wp\/v2\/media?parent=35223"}],"wp:term":[{"taxonomy":"category","embeddable":true,"href":"https:\/\/movieworld.blog\/hu\/wp-json\/wp\/v2\/categories?post=35223"},{"taxonomy":"post_tag","embeddable":true,"href":"https:\/\/movieworld.blog\/hu\/wp-json\/wp\/v2\/tags?post=35223"}],"curies":[{"name":"wp","href":"https:\/\/api.w.org\/{rel}","templated":true}]}}